{"id":561,"date":"2018-09-19T00:06:00","date_gmt":"2018-09-18T22:06:00","guid":{"rendered":"http:\/\/wantz-bikeandrun.com\/?p=561"},"modified":"2018-12-31T15:49:36","modified_gmt":"2018-12-31T14:49:36","slug":"nouveau-site-internet","status":"publish","type":"post","link":"https:\/\/wantz-bikeandrun.com\/index.php\/2018\/09\/19\/nouveau-site-internet\/","title":{"rendered":"Correctif pour l&#8217;Alsace CUP 2018\/2019"},"content":{"rendered":"<p><span style=\"color: #000000;\"><strong>Bonjour \u00e0 tous, <\/strong><\/span><\/p>\n<p><span style=\"color: #000000;\"><strong>Nous tenons \u00e0 vous inform\u00e9 <span class=\"\">que contrairement \u00e0 ce qui est publi\u00e9 sur le flyer de l\u2019Alsace Cup de Bike&amp;Run 2018\/2019, le SG Wantzenau triathlon n\u2019organise pas de format M cette ann\u00e9e. <\/span><\/strong><\/span><\/p>\n<p><span style=\"color: #000000;\"><strong><span class=\"\">C\u2019est l\u2019\u00e9preuve S qui est qualificative dans le cadre de l\u2019Alsace Cup. <\/span><\/strong><\/span><\/p>\n<p><span style=\"color: #000000;\"><strong><span class=\"\">Nous rempla\u00e7ons cette \u00e9preuve par un format S de Cross Duathlon qui pourra se pratiquer en individuel ou en relais.<\/span><\/strong><\/span><\/p>\n<p><span style=\"color: #000000;\"><strong>Nous vous attendons nombreux sur toutes ces \u00e9preuve le 27 janvier 2019<\/strong><\/span><\/p>\n<p><span style=\"color: #000000;\"><strong>Le comit\u00e9 d&#8217;organisation<\/strong><\/span><\/p>\n<p><a href=\"http:\/\/wantz-bikeandrun.com\/wp-content\/uploads\/2018\/06\/Logo-Bike-Run-Cross-01.png\"><img loading=\"lazy\" decoding=\"async\" class=\" wp-image-812 alignleft\" src=\"http:\/\/wantz-bikeandrun.com\/wp-content\/uploads\/2018\/06\/Logo-Bike-Run-Cross-01.png\" alt=\"\" width=\"113\" height=\"74\" srcset=\"https:\/\/wantz-bikeandrun.com\/wp-content\/uploads\/2018\/06\/Logo-Bike-Run-Cross-01.png 250w, https:\/\/wantz-bikeandrun.com\/wp-content\/uploads\/2018\/06\/Logo-Bike-Run-Cross-01-200x130.png 200w\" sizes=\"(max-width: 113px) 100vw, 113px\" \/><\/a><\/p>\n<p>&nbsp;<\/p>\n<p>&nbsp;<\/p>\n","protected":false},"excerpt":{"rendered":"<p>Bonjour \u00e0 tous, Nous tenons \u00e0 vous inform\u00e9 que contrairement \u00e0 ce qui est publi\u00e9 sur le flyer de l\u2019Alsace Cup de Bike&amp;Run 2018\/2019, le SG Wantzenau triathlon n\u2019organise pas de format M cette ann\u00e9e. C\u2019est l\u2019\u00e9preuve S qui est qualificative dans le cadre de l\u2019Alsace Cup. Nous rempla\u00e7ons cette \u00e9preuve par un format S [&hellip;]<\/p>\n","protected":false},"author":1,"featured_media":0,"comment_status":"open","ping_status":"open","sticky":false,"template":"","format":"standard","meta":{"_et_pb_use_builder":"","_et_pb_old_content":"","_et_gb_content_width":"","footnotes":""},"categories":[1],"tags":[12],"class_list":["post-561","post","type-post","status-publish","format-standard","hentry","category-non-classe","tag-cross-duathlon"],"_links":{"self":[{"href":"https:\/\/wantz-bikeandrun.com\/index.php\/wp-json\/wp\/v2\/posts\/561","targetHints":{"allow":["GET"]}}],"collection":[{"href":"https:\/\/wantz-bikeandrun.com\/index.php\/wp-json\/wp\/v2\/posts"}],"about":[{"href":"https:\/\/wantz-bikeandrun.com\/index.php\/wp-json\/wp\/v2\/types\/post"}],"author":[{"embeddable":true,"href":"https:\/\/wantz-bikeandrun.com\/index.php\/wp-json\/wp\/v2\/users\/1"}],"replies":[{"embeddable":true,"href":"https:\/\/wantz-bikeandrun.com\/index.php\/wp-json\/wp\/v2\/comments?post=561"}],"version-history":[{"count":4,"href":"https:\/\/wantz-bikeandrun.com\/index.php\/wp-json\/wp\/v2\/posts\/561\/revisions"}],"predecessor-version":[{"id":1091,"href":"https:\/\/wantz-bikeandrun.com\/index.php\/wp-json\/wp\/v2\/posts\/561\/revisions\/1091"}],"wp:attachment":[{"href":"https:\/\/wantz-bikeandrun.com\/index.php\/wp-json\/wp\/v2\/media?parent=561"}],"wp:term":[{"taxonomy":"category","embeddable":true,"href":"https:\/\/wantz-bikeandrun.com\/index.php\/wp-json\/wp\/v2\/categories?post=561"},{"taxonomy":"post_tag","embeddable":true,"href":"https:\/\/wantz-bikeandrun.com\/index.php\/wp-json\/wp\/v2\/tags?post=561"}],"curies":[{"name":"wp","href":"https:\/\/api.w.org\/{rel}","templated":true}]}}